{"id":744,"date":"2015-01-27T22:55:21","date_gmt":"2015-01-27T21:55:21","guid":{"rendered":"http:\/\/kudanarhiv.org\/?p=744"},"modified":"2015-02-03T11:23:43","modified_gmt":"2015-02-03T10:23:43","slug":"izvori-in-zmoznosti-fantasticnega-v-fantazijski-knjizevnosti-4-srecanje-pogovor-z-bostjanom-gorencem-pizamo-2","status":"publish","type":"post","link":"https:\/\/kudanarhiv.org\/?p=744","title":{"rendered":"Izvori in zmo\u017enosti fantasti\u010dnega v fantazijski knji\u017eevnosti 4. sre\u010danje: Pogovor z Bo\u0161tjanom Gorencem \u2013 Pi\u017eamo"},"content":{"rendered":"<p><b>Z velikim veseljem napovedujemo sklepni dogodek izjemno odmevnega literarnega cikla, ki ga vodi Toma\u017e Kova\u010di\u010d: 4. sre\u010danje: Pogovor z Bo\u0161tjanom Gorencem \u2013 Pi\u017eamo, 28.1. 2015, 19.30, v Knji\u017enici \u0160i\u0161ka<\/b><\/p>\n<p>&#8220;Izvori in zmo\u017enosti fantasti\u010dnega v fantazijski knji\u017eevnosti&#8221; je sklop \u0161tirih predavanj, na katerih se bomo ukvarjali s fantazijsko knji\u017eevnostjo: njenim razvojem, predstavniki in smernicami.<\/p>\n<p>Na zaklju\u010dnem sre\u010danju se bomo pogovarjali z Bo\u0161tjanom Gorencem \u2013 Pi\u017eamo, prevajalcem Pesmi ledu in ognja Georga R. R. Martina ter Ameri\u0161kih bogov Neila Gaimana. Dotaknili se bomo tem, kot so prevajanje fantazijske literature, njena raz\u0161irjenost v slovenskem prostoru in okoli\u0161\u010dine izbiranja literarnih del pri zalo\u017enikih.<\/p>\n<p>Predavanja, ki jih soorganizirata Knji\u017enica \u0160i\u0161ka in \u0160kratova \u010citalnica (KUD Anarhiv), se bodo odvijala enkrat mese\u010dno.<\/p>\n<p>&#8220;Izvore in zmo\u017enosti fantasti\u010dnega v fantazijski knji\u017eevnosti&#8221; finan\u010dno podpirajo Knji\u017enica \u0160i\u0161ka, Urad za mladino \u2013 MOL in organizacija Univerze v Ljubljani \u0160OU.<\/p>\n<p>Sklop predavanj vodi Toma\u017e Kova\u010di\u010d, sodelavec KUD-a Anarhiv.<\/p>\n<p>28.1. 2015, 19.30h: Knji\u017enica \u0160i\u0161ka (MKLJ)<\/p>\n<p><a href=\"http:\/\/kudanarhiv.org\/wp-content\/uploads\/2015\/01\/3slika.jpg\"><img loading=\"lazy\" decoding=\"async\" class=\"aligncenter size-medium wp-image-818\" src=\"http:\/\/kudanarhiv.org\/wp-content\/uploads\/2015\/01\/3slika-300x225.jpg\" alt=\"\" width=\"300\" height=\"225\" srcset=\"https:\/\/kudanarhiv.org\/wp-content\/uploads\/2015\/01\/3slika-300x225.jpg 300w, https:\/\/kudanarhiv.org\/wp-content\/uploads\/2015\/01\/3slika-624x468.jpg 624w, https:\/\/kudanarhiv.org\/wp-content\/uploads\/2015\/01\/3slika.jpg 960w\" sizes=\"auto, (max-width: 300px) 100vw, 300px\" \/><\/a><\/p>\n","protected":false},"excerpt":{"rendered":"<p>Z velikim veseljem napovedujemo sklepni dogodek izjemno odmevnega literarnega cikla, ki ga vodi Toma\u017e Kova\u010di\u010d: 4. sre\u010danje: Pogovor z Bo\u0161tjanom Gorencem \u2013 Pi\u017eamo, 28.1. 2015, 19.30, v Knji\u017enici \u0160i\u0161ka &#8220;Izvori in zmo\u017enosti fantasti\u010dnega v fantazijski knji\u017eevnosti&#8221; je sklop \u0161tirih predavanj, na katerih se bomo ukvarjali s fantazijsko knji\u017eevnostjo: njenim razvojem, predstavniki in smernicami. Na zaklju\u010dnem [&hellip;]<\/p>\n","protected":false},"author":2,"featured_media":0,"comment_status":"closed","ping_status":"closed","sticky":false,"template":"","format":"standard","meta":{"footnotes":""},"categories":[3],"tags":[],"class_list":["post-744","post","type-post","status-publish","format-standard","hentry","category-info"],"_links":{"self":[{"href":"https:\/\/kudanarhiv.org\/index.php?rest_route=\/wp\/v2\/posts\/744","targetHints":{"allow":["GET"]}}],"collection":[{"href":"https:\/\/kudanarhiv.org\/index.php?rest_route=\/wp\/v2\/posts"}],"about":[{"href":"https:\/\/kudanarhiv.org\/index.php?rest_route=\/wp\/v2\/types\/post"}],"author":[{"embeddable":true,"href":"https:\/\/kudanarhiv.org\/index.php?rest_route=\/wp\/v2\/users\/2"}],"replies":[{"embeddable":true,"href":"https:\/\/kudanarhiv.org\/index.php?rest_route=%2Fwp%2Fv2%2Fcomments&post=744"}],"version-history":[{"count":2,"href":"https:\/\/kudanarhiv.org\/index.php?rest_route=\/wp\/v2\/posts\/744\/revisions"}],"predecessor-version":[{"id":819,"href":"https:\/\/kudanarhiv.org\/index.php?rest_route=\/wp\/v2\/posts\/744\/revisions\/819"}],"wp:attachment":[{"href":"https:\/\/kudanarhiv.org\/index.php?rest_route=%2Fwp%2Fv2%2Fmedia&parent=744"}],"wp:term":[{"taxonomy":"category","embeddable":true,"href":"https:\/\/kudanarhiv.org\/index.php?rest_route=%2Fwp%2Fv2%2Fcategories&post=744"},{"taxonomy":"post_tag","embeddable":true,"href":"https:\/\/kudanarhiv.org\/index.php?rest_route=%2Fwp%2Fv2%2Ftags&post=744"}],"curies":[{"name":"wp","href":"https:\/\/api.w.org\/{rel}","templated":true}]}}