{"id":947,"date":"2015-02-19T16:31:18","date_gmt":"2015-02-19T15:31:18","guid":{"rendered":"http:\/\/kudanarhiv.org\/?p=947"},"modified":"2015-03-31T16:36:52","modified_gmt":"2015-03-31T14:36:52","slug":"kaj-pa-je-ta-zvok-in-kaj-je-ta-luc-in-kaj-so-ti-stolcki-in-kaj-so-to-za-ene-igre-to-je-skratmobil","status":"publish","type":"post","link":"https:\/\/kudanarhiv.org\/?p=947","title":{"rendered":"Kaj pa je ta zvok? In kaj so to za ene igre? Kaj pa je to za en film? In kaj je to za ena predstava? Vse to in \u0161e mnogo ve\u010d je &#8220;\u0160kratmobil&#8221;!"},"content":{"rendered":"<p>S &#8220;\u0160kratmobilom&#8221; \u017eelimo vzpostaviti trajnostno naravnano socialno-kulturno platformo, ki bo v izbrani regiji vzpodbujala k razvoju kulturno-izobra\u017eevalnih in socialno anga\u017eiranih dejavnosti, k \u010demur bo \u0161e dodatno prispevala njena mobilnost. \u00a0Namen projekta je izvajati aktivnosti, ki aktivno vklju\u010dujejo delo z otroki in mladimi.<\/p>\n<p>Ker so na\u0161a ciljna skupina otroci in mladostniki, si \u017eelimo predvsem vzpodbujati socialne inovacije njim v podporo in tako razvijati nove programe in nove \u201cstoritve\u201d, ki jih javne institucije v tej regiji ne zagotavljajo, po raziskavah pa imajo znaten pozitiven vpliv na dano ciljno skupino.<\/p>\n<p>Otroke in mladino \u017eelimo aktivirati v njihovem lokalnem okolju, jih stimulirati, da so v njem kreativni, da pomagajo pri njegovem nadaljnjem razvoju, saj ga lahko pomembno, predvsem pa pozitivno preoblikujejo.<\/p>\n<p>Otroke, mladostnike, njihove star\u0161e (rizi\u010dna starostna skupina 50-60 let) in druge ranljive \u010dlane dru\u017ebe bomo sku\u0161ali opolnomo\u010diti, jim ponuditi kakovostno neformalno izobra\u017eevanje, ki jih bodo okrepile, usposobile in navdihnile, da se bodo v lastnem okolju la\u017eje aktivirali.<\/p>\n<p>Projekt je naravnan dolgoro\u010dno, saj predvideva izoblikovanje trajnostne platforme, ki bo omogo\u010dala nadaljevanje opolnomo\u010denja skupnosti in tako pomagala zmanj\u0161evati brezposelnost, predvsem med mladimi kot med najbolj prizadetimi skupinami prebivalcev s strani gospodarske krize. Platfroma bo vzpodbujala tudi delovanje medsektorskih partnerstev med prijaviteljem in programskimi sodelavci (NVO) ter lokalnimi partnerji (javnimi institucijami), z namenom razvoja belokranjske skupnosti, s \u010dimer bomo na ravni regije izoblikovali koalicijo na podro\u010dju socialno-kulturnih storitev, socialnega varstva in skupnostni skrbi za okolje.<\/p>\n<p>Da bi dosegli, kar smo si zadali, smo opredelili ve\u010d ciljev, na katere smo vezali specifi\u010dne sklope aktivnosti, ki smo jih sintetizirali v delovne pakete, ki jih bomo kmalu predstavili \u0161ir\u0161i javnosti.<\/p>\n<p>Na vsak delovni paket se nana\u0161a specifi\u010dna metodologija dela, ki kot tak\u0161na omogo\u010da kar najbolj u\u010dinkovito realizacijo za\u010drtanih programskih rezultatov.<\/p>\n<p>Eden od ciljev &#8220;\u0160kratmobila&#8221; \u00a0je vsekakor tudi ustvarjalno\u00a0pre\u017eivljanje prostega \u010dasa otrok in mladostnikov, saj je namen projekta tudi dolgotrajna prisotnost kakovostnih vsebin, ki jih bomo lahko izvajali usposobljeni \u010dlani ekipe tudi v \u010dasu, ko ne bodo izvajane konkretne delavnice (u\u010dna pomo\u010d, poklicno svetovanje, branje pravljic in drugega \u010ditalni\u0161kega gradiva, risanje, igranje dru\u017eabnih iger, \u0161port, pomo\u010d okoli\u0161kim prebivalcem, \u0161ivanje, petje, osnovno svetovanje v stiski in naro\u010danje na individualne terapije, dru\u017eenje, pogovarjanje itd.)<\/p>\n<p><img loading=\"lazy\" decoding=\"async\" class=\" aligncenter\" src=\"http:\/\/www.improvisedlife.com\/wp-content\/uploads\/2012\/12\/kids-leaping-and-playing.jpg\" alt=\"\" width=\"302\" height=\"193\" \/><\/p>\n<p>&#8220;\u0160kratmobil&#8221; sta zasnovala Nina Cvar in Rok Govednik, finan\u010dno ga je podprl Norve\u0161ki in EGP finan\u010dni mehanizem \u2013 mali projekti. Projekt se bo v letu 2015 izvajal v sodelovanju s partnerji:\u00a0<strong>Zavod za uveljavljanje vizualne kulture Vizo,\u00a0Izobra\u017eevalni center za zdravo \u017eivljenje Educor, Kulturni dom Semi\u010d, Knji\u017enica \u010crnomelj, KUD Plac Metlika.\u00a0<\/strong><\/p>\n<p><img loading=\"lazy\" decoding=\"async\" class=\"\" src=\"http:\/\/kudanarhiv.org\/wp-content\/uploads\/2014\/09\/slika2.jpg\" alt=\"\" width=\"321\" height=\"119\" \/><\/p>\n","protected":false},"excerpt":{"rendered":"<p>S &#8220;\u0160kratmobilom&#8221; \u017eelimo vzpostaviti trajnostno naravnano socialno-kulturno platformo, ki bo v izbrani regiji vzpodbujala k razvoju kulturno-izobra\u017eevalnih in socialno anga\u017eiranih dejavnosti, k \u010demur bo \u0161e dodatno prispevala njena mobilnost. \u00a0Namen projekta je izvajati aktivnosti, ki aktivno vklju\u010dujejo delo z otroki in mladimi. Ker so na\u0161a ciljna skupina otroci in mladostniki, si \u017eelimo predvsem vzpodbujati socialne [&hellip;]<\/p>\n","protected":false},"author":2,"featured_media":0,"comment_status":"closed","ping_status":"closed","sticky":false,"template":"","format":"standard","meta":{"footnotes":""},"categories":[3],"tags":[],"class_list":["post-947","post","type-post","status-publish","format-standard","hentry","category-info"],"_links":{"self":[{"href":"https:\/\/kudanarhiv.org\/index.php?rest_route=\/wp\/v2\/posts\/947","targetHints":{"allow":["GET"]}}],"collection":[{"href":"https:\/\/kudanarhiv.org\/index.php?rest_route=\/wp\/v2\/posts"}],"about":[{"href":"https:\/\/kudanarhiv.org\/index.php?rest_route=\/wp\/v2\/types\/post"}],"author":[{"embeddable":true,"href":"https:\/\/kudanarhiv.org\/index.php?rest_route=\/wp\/v2\/users\/2"}],"replies":[{"embeddable":true,"href":"https:\/\/kudanarhiv.org\/index.php?rest_route=%2Fwp%2Fv2%2Fcomments&post=947"}],"version-history":[{"count":5,"href":"https:\/\/kudanarhiv.org\/index.php?rest_route=\/wp\/v2\/posts\/947\/revisions"}],"predecessor-version":[{"id":952,"href":"https:\/\/kudanarhiv.org\/index.php?rest_route=\/wp\/v2\/posts\/947\/revisions\/952"}],"wp:attachment":[{"href":"https:\/\/kudanarhiv.org\/index.php?rest_route=%2Fwp%2Fv2%2Fmedia&parent=947"}],"wp:term":[{"taxonomy":"category","embeddable":true,"href":"https:\/\/kudanarhiv.org\/index.php?rest_route=%2Fwp%2Fv2%2Fcategories&post=947"},{"taxonomy":"post_tag","embeddable":true,"href":"https:\/\/kudanarhiv.org\/index.php?rest_route=%2Fwp%2Fv2%2Ftags&post=947"}],"curies":[{"name":"wp","href":"https:\/\/api.w.org\/{rel}","templated":true}]}}